{"id":11462,"date":"2015-07-05T15:10:21","date_gmt":"2015-07-05T15:10:21","guid":{"rendered":"http:\/\/auteurs.harmattan.fr\/guy-dhoquois\/?p=11462"},"modified":"2015-07-06T07:59:46","modified_gmt":"2015-07-06T07:59:46","slug":"la-lutte-des-classes-nest-pas-mortelle","status":"publish","type":"post","link":"https:\/\/auteurs.harmattan.fr\/guy-dhoquois\/blog\/2015\/07\/05\/la-lutte-des-classes-nest-pas-mortelle\/","title":{"rendered":"LA LUTTE DES CLASSES N&rsquo;EST PAS MORTELLE"},"content":{"rendered":"<p>La lutte des classes est le principal moteur de l&rsquo;histoire humaine, de la succession des modes de production. Mais ce n&rsquo;est pas une lutte \u00e0 mort tant que les classes oppos\u00e9es ont besoin l&rsquo;une de l&rsquo;autre.<br \/>\nLa bourgeoisie a besoin du prol\u00e9tariat pour faire de la plus-value, le prol\u00e9tariat a besoin de trouver du travail dans les entreprises du capitalisme.<br \/>\nA noter qu&rsquo;un nombre grandissant de prol\u00e9taires dans les pays d\u00e9velopp\u00e9s ne veulent  pas se consid\u00e9rer  comme prol\u00e9taires parce qu&rsquo;ils gagnent bien leur vie, parce qu&rsquo;ils sont \u00e0 un rang \u00e9lev\u00e9 ou relativement \u00e9lev\u00e9 dans la hi\u00e9rarchie technique des comp\u00e9tences.  Ils ne sont prol\u00e9taires que structurellement comme vendeurs de leur force de travail.<\/p>\n","protected":false},"excerpt":{"rendered":"<p>La lutte des classes est le principal moteur de l&rsquo;histoire humaine, de la succession des modes de production. Mais ce n&rsquo;est pas une lutte \u00e0 mort tant que les classes oppos\u00e9es ont besoin l&rsquo;une de l&rsquo;autre. La bourgeoisie a besoin du prol\u00e9tariat pour faire de la plus-value, le prol\u00e9tariat a besoin de trouver du travail&#8230;<\/p>\n","protected":false},"author":18,"featured_media":0,"comment_status":"closed","ping_status":"open","sticky":false,"template":"","format":"standard","meta":{"footnotes":""},"categories":[696,299,1262],"tags":[3207],"wps_subtitle":"","_links":{"self":[{"href":"https:\/\/auteurs.harmattan.fr\/guy-dhoquois\/wp-json\/wp\/v2\/posts\/11462"}],"collection":[{"href":"https:\/\/auteurs.harmattan.fr\/guy-dhoquois\/wp-json\/wp\/v2\/posts"}],"about":[{"href":"https:\/\/auteurs.harmattan.fr\/guy-dhoquois\/wp-json\/wp\/v2\/types\/post"}],"author":[{"embeddable":true,"href":"https:\/\/auteurs.harmattan.fr\/guy-dhoquois\/wp-json\/wp\/v2\/users\/18"}],"replies":[{"embeddable":true,"href":"https:\/\/auteurs.harmattan.fr\/guy-dhoquois\/wp-json\/wp\/v2\/comments?post=11462"}],"version-history":[{"count":2,"href":"https:\/\/auteurs.harmattan.fr\/guy-dhoquois\/wp-json\/wp\/v2\/posts\/11462\/revisions"}],"predecessor-version":[{"id":11464,"href":"https:\/\/auteurs.harmattan.fr\/guy-dhoquois\/wp-json\/wp\/v2\/posts\/11462\/revisions\/11464"}],"wp:attachment":[{"href":"https:\/\/auteurs.harmattan.fr\/guy-dhoquois\/wp-json\/wp\/v2\/media?parent=11462"}],"wp:term":[{"taxonomy":"category","embeddable":true,"href":"https:\/\/auteurs.harmattan.fr\/guy-dhoquois\/wp-json\/wp\/v2\/categories?post=11462"},{"taxonomy":"post_tag","embeddable":true,"href":"https:\/\/auteurs.harmattan.fr\/guy-dhoquois\/wp-json\/wp\/v2\/tags?post=11462"}],"curies":[{"name":"wp","href":"https:\/\/api.w.org\/{rel}","templated":true}]}}