{"id":1519,"date":"2013-09-14T09:41:03","date_gmt":"2013-09-14T09:41:03","guid":{"rendered":"http:\/\/auteurs.harmattan.fr\/guy-dhoquois\/?p=1519"},"modified":"2013-11-25T07:44:49","modified_gmt":"2013-11-25T07:44:49","slug":"lhistoire-des-siecles","status":"publish","type":"post","link":"https:\/\/auteurs.harmattan.fr\/guy-dhoquois\/blog\/2013\/09\/14\/lhistoire-des-siecles\/","title":{"rendered":"L&rsquo;histoire des si\u00e8cles"},"content":{"rendered":"<p>Victor Hugo a \u00e9crit une \u00ab\u00a0l\u00e9gende des si\u00e8cles\u00a0\u00bb volontairement d\u00e9cousue. Il \u00e9tait ainsi plus proche de nos connaissances, loin de l&rsquo;histoire universelle.<br \/>\nLes si\u00e8cles rythment notre savoir historique qui, \u00e0 juste titre, est fond\u00e9 sur la chronologie. Mais nos si\u00e8cles historiques correspondent-ils m\u00e9caniquement \u00e0 1700, 1800, 1900, 2000 ? Bien s\u00fbr que non.<br \/>\nLe XIX\u00b0 si\u00e8cle pour nous s&rsquo;arr\u00eate en 1914 avec la deuxi\u00e8me guerre mondiale. Mais il n&rsquo;a commenc\u00e9 en Europe qu&rsquo;avec la d\u00e9faite d\u00e9finitive de Napol\u00e9on en 1815. Pour la Chine, c&rsquo;est diff\u00e9rent : son XIX\u00b0 ne commence vraiment qu&rsquo;avec les guerres de l&rsquo;opium, impos\u00e9es par le colonialisme britannique, vers 1840, premi\u00e8re grande d\u00e9faite de l&#8217;empire chinois depuis les Mongols au XIII\u00b0 si\u00e8cle et plus importante dans ses cons\u00e9quences.<br \/>\nLe XVIII\u00b0 si\u00e8cle est \u00e9trange : il se termine, d&rsquo;une certaine mani\u00e8re, en 1789 avec la r\u00e9volution fran\u00e7aise. O\u00f9 situer la p\u00e9riode 1789-1815, celle de la R\u00e9volution et de l&rsquo;Empire, qui a boulevers\u00e9 l&rsquo;Europe ?<br \/>\n Mais quand commence le \u00ab\u00a0si\u00e8cle des Lumi\u00e8res\u00a0\u00bb ? En 1715, date de la mort de Louis XIV, ou plut\u00f4t en 1714, date de la disparition de l&rsquo;importante reine Anne, l&rsquo;une des cr\u00e9atrices de l&rsquo;Angleterre moderne ? Mais les Lumi\u00e8res elles-m\u00eames ? Elles commencent plus s\u00fbrement dans les ann\u00e9es trente et quarante.<br \/>\nQuand d\u00e9bute le XVII\u00b0 si\u00e8cle, en Europe toujours ? La mort des rois annonce souvent de grands \u00e9v\u00e9nements. Elisabeth d&rsquo;Angleterre a disparu en 1603, Philippe II d&rsquo;Espagne en 1598, Henri IV de France en 1610.<br \/>\nLa Renaissance commence d\u00e8s la fin du XIII\u00b0 si\u00e8cle en Italie, avec Giotto et Dante. Elle attend pratiquement le XVI\u00b0 en France, puis en Angleterre.<br \/>\nQu&rsquo;en est-il de notre XXI\u00b0 si\u00e8cle ? A-t-il commenc\u00e9 seulement ? Faut-il penser \u00e0 2001, aux attentats du Onze Septembre ? De quand date la victoire \u00e9crasante de l&rsquo;informatique moderne ? Quelle importance donner \u00e0 la crise dite des \u00ab\u00a0subprimes\u00a0\u00bb en 2008, d\u00e9but d&rsquo;un \u00e9v\u00e9nement mondial&#8230; 1991, l&rsquo;Union Sovi\u00e9tique disparait. 1989, c&rsquo;est la chute du Mur de Berlin&#8230; 1979, Khomeiny gagne en Iran, Deng-Xiao ping ouvre d\u00e9finitivement le passage pacifique de la Chine au capitalisme &#8230;<\/p>\n","protected":false},"excerpt":{"rendered":"<p>Victor Hugo a \u00e9crit une \u00ab\u00a0l\u00e9gende des si\u00e8cles\u00a0\u00bb volontairement d\u00e9cousue. Il \u00e9tait ainsi plus proche de nos connaissances, loin de l&rsquo;histoire universelle. Les si\u00e8cles rythment notre savoir historique qui, \u00e0 juste titre, est fond\u00e9 sur la chronologie. Mais nos si\u00e8cles historiques correspondent-ils m\u00e9caniquement \u00e0 1700, 1800, 1900, 2000 ? Bien s\u00fbr que non. Le XIX\u00b0&#8230;<\/p>\n","protected":false},"author":18,"featured_media":0,"comment_status":"closed","ping_status":"open","sticky":false,"template":"","format":"standard","meta":{"footnotes":""},"categories":[696],"tags":[1148],"wps_subtitle":"","_links":{"self":[{"href":"https:\/\/auteurs.harmattan.fr\/guy-dhoquois\/wp-json\/wp\/v2\/posts\/1519"}],"collection":[{"href":"https:\/\/auteurs.harmattan.fr\/guy-dhoquois\/wp-json\/wp\/v2\/posts"}],"about":[{"href":"https:\/\/auteurs.harmattan.fr\/guy-dhoquois\/wp-json\/wp\/v2\/types\/post"}],"author":[{"embeddable":true,"href":"https:\/\/auteurs.harmattan.fr\/guy-dhoquois\/wp-json\/wp\/v2\/users\/18"}],"replies":[{"embeddable":true,"href":"https:\/\/auteurs.harmattan.fr\/guy-dhoquois\/wp-json\/wp\/v2\/comments?post=1519"}],"version-history":[{"count":15,"href":"https:\/\/auteurs.harmattan.fr\/guy-dhoquois\/wp-json\/wp\/v2\/posts\/1519\/revisions"}],"predecessor-version":[{"id":1527,"href":"https:\/\/auteurs.harmattan.fr\/guy-dhoquois\/wp-json\/wp\/v2\/posts\/1519\/revisions\/1527"}],"wp:attachment":[{"href":"https:\/\/auteurs.harmattan.fr\/guy-dhoquois\/wp-json\/wp\/v2\/media?parent=1519"}],"wp:term":[{"taxonomy":"category","embeddable":true,"href":"https:\/\/auteurs.harmattan.fr\/guy-dhoquois\/wp-json\/wp\/v2\/categories?post=1519"},{"taxonomy":"post_tag","embeddable":true,"href":"https:\/\/auteurs.harmattan.fr\/guy-dhoquois\/wp-json\/wp\/v2\/tags?post=1519"}],"curies":[{"name":"wp","href":"https:\/\/api.w.org\/{rel}","templated":true}]}}