{"id":16449,"date":"2016-07-02T07:36:13","date_gmt":"2016-07-02T07:36:13","guid":{"rendered":"http:\/\/auteurs.harmattan.fr\/guy-dhoquois\/?p=16449"},"modified":"2016-07-02T08:20:35","modified_gmt":"2016-07-02T08:20:35","slug":"heraclite-8-et-fin","status":"publish","type":"post","link":"https:\/\/auteurs.harmattan.fr\/guy-dhoquois\/blog\/2016\/07\/02\/heraclite-8-et-fin\/","title":{"rendered":"H\u00e9raclite 8 et fin"},"content":{"rendered":"<p>Ce texte est original par rapport aux autres adaptations d&rsquo;H\u00e9raclite dont il s&rsquo;inspire :<\/p>\n<p>L&rsquo;unit\u00e9 vient de l&rsquo;amour<br \/>\nLa multiplicit\u00e9 vient de la haine<br \/>\nNous cherchons l&rsquo;unit\u00e9 de la multiplicit\u00e9<br \/>\nPar exemple du sensible et de l&rsquo;intelligible<br \/>\nL&rsquo;unit\u00e9, l&rsquo;universel n&rsquo;appartiennent \u00e0 personne<br \/>\nL&rsquo;humain cherche l&rsquo;invisible \u00e0 partir du visible<br \/>\nIl n&rsquo;y a d&rsquo;harmonie que des contraires<br \/>\nLa v\u00e9rit\u00e9 a besoin de l&rsquo;\u00e9loquence qui la travestit<br \/>\nLa cr\u00e9ation humaine n\u00e9cessite un brin de folie<br \/>\nAucun humain ne connait tout, ni le tout, toute chose, ni l&rsquo;unit\u00e9 de tout<br \/>\nNous sommes pr\u00e9sents et absents<br \/>\nNous avons besoin de mesure et de mod\u00e9ration<br \/>\nLe sage uni \u00e0 tout risque d&rsquo;\u00eatre s\u00e9par\u00e9 de tous<br \/>\nL&rsquo;unit\u00e9 est partout et nulle part<br \/>\nLa v\u00e9rit\u00e9 int\u00e9rieure se contente de peu<br \/>\nTout est \u00e9nergie<br \/>\nL&rsquo;infime est aussi n\u00e9cessaire que l&rsquo;infini<br \/>\nL&rsquo;infime est un infini<br \/>\nTout est progr\u00e8s et regr\u00e8s<br \/>\nPas d&rsquo;amour sans haine<br \/>\nSi le monde \u00e9tait statique, les essences seraient irr\u00e9ductibles<br \/>\nDans un monde dynamique elles se m\u00ealent les unes aux autres<br \/>\nSois \u00e9clectique<br \/>\nTu ne trouveras peut-\u00eatre pas l&rsquo;unit\u00e9 de tout<br \/>\nTu trouveras peut-\u00eatre l&rsquo;unit\u00e9 de ta diversit\u00e9<\/p>\n","protected":false},"excerpt":{"rendered":"<p>Ce texte est original par rapport aux autres adaptations d&rsquo;H\u00e9raclite dont il s&rsquo;inspire : L&rsquo;unit\u00e9 vient de l&rsquo;amour La multiplicit\u00e9 vient de la haine Nous cherchons l&rsquo;unit\u00e9 de la multiplicit\u00e9 Par exemple du sensible et de l&rsquo;intelligible L&rsquo;unit\u00e9, l&rsquo;universel n&rsquo;appartiennent \u00e0 personne L&rsquo;humain cherche l&rsquo;invisible \u00e0 partir du visible Il n&rsquo;y a d&rsquo;harmonie que des&#8230;<\/p>\n","protected":false},"author":18,"featured_media":0,"comment_status":"closed","ping_status":"open","sticky":false,"template":"","format":"standard","meta":{"footnotes":""},"categories":[168,1262],"tags":[4264],"wps_subtitle":"","_links":{"self":[{"href":"https:\/\/auteurs.harmattan.fr\/guy-dhoquois\/wp-json\/wp\/v2\/posts\/16449"}],"collection":[{"href":"https:\/\/auteurs.harmattan.fr\/guy-dhoquois\/wp-json\/wp\/v2\/posts"}],"about":[{"href":"https:\/\/auteurs.harmattan.fr\/guy-dhoquois\/wp-json\/wp\/v2\/types\/post"}],"author":[{"embeddable":true,"href":"https:\/\/auteurs.harmattan.fr\/guy-dhoquois\/wp-json\/wp\/v2\/users\/18"}],"replies":[{"embeddable":true,"href":"https:\/\/auteurs.harmattan.fr\/guy-dhoquois\/wp-json\/wp\/v2\/comments?post=16449"}],"version-history":[{"count":4,"href":"https:\/\/auteurs.harmattan.fr\/guy-dhoquois\/wp-json\/wp\/v2\/posts\/16449\/revisions"}],"predecessor-version":[{"id":16452,"href":"https:\/\/auteurs.harmattan.fr\/guy-dhoquois\/wp-json\/wp\/v2\/posts\/16449\/revisions\/16452"}],"wp:attachment":[{"href":"https:\/\/auteurs.harmattan.fr\/guy-dhoquois\/wp-json\/wp\/v2\/media?parent=16449"}],"wp:term":[{"taxonomy":"category","embeddable":true,"href":"https:\/\/auteurs.harmattan.fr\/guy-dhoquois\/wp-json\/wp\/v2\/categories?post=16449"},{"taxonomy":"post_tag","embeddable":true,"href":"https:\/\/auteurs.harmattan.fr\/guy-dhoquois\/wp-json\/wp\/v2\/tags?post=16449"}],"curies":[{"name":"wp","href":"https:\/\/api.w.org\/{rel}","templated":true}]}}