{"id":21466,"date":"2017-06-14T13:16:30","date_gmt":"2017-06-14T13:16:30","guid":{"rendered":"http:\/\/auteurs.harmattan.fr\/guy-dhoquois\/?p=21466"},"modified":"2017-06-14T13:19:32","modified_gmt":"2017-06-14T13:19:32","slug":"vi-19","status":"publish","type":"post","link":"https:\/\/auteurs.harmattan.fr\/guy-dhoquois\/blog\/2017\/06\/14\/vi-19\/","title":{"rendered":"Vi 19"},"content":{"rendered":"<p>Un almanach de l&rsquo;an pass\u00e9 trainait encore<br \/>\nSur le bureau de l&rsquo;\u00e9colier<br \/>\nA c\u00f4t\u00e9 de l&rsquo;almanach de l&rsquo;ann\u00e9e nouvelle<br \/>\nL&rsquo;enfant le compulsa tendrement :<br \/>\n\u00ab\u00a0Adieu temps pass\u00e9 d\u00e9pass\u00e9<br \/>\nAdieu souvenirs d&rsquo;un temps qui ne reviendra plus<br \/>\nAdieu ce qui existait hier<br \/>\nPlace au jour d&rsquo;hui\u00a0\u00bb<br \/>\nCet enfant n&rsquo;\u00e9tait pas un ingrat<br \/>\nMais il faisait semblant d&rsquo;oublier<br \/>\nQue de ne pas \u00eatre de son temps<br \/>\nC&rsquo;est comme ne pas \u00eatre n&rsquo;\u00eatre pas<br \/>\nN&rsquo;est-ce pas ?<\/p>\n","protected":false},"excerpt":{"rendered":"<p>Un almanach de l&rsquo;an pass\u00e9 trainait encore Sur le bureau de l&rsquo;\u00e9colier A c\u00f4t\u00e9 de l&rsquo;almanach de l&rsquo;ann\u00e9e nouvelle L&rsquo;enfant le compulsa tendrement : \u00ab\u00a0Adieu temps pass\u00e9 d\u00e9pass\u00e9 Adieu souvenirs d&rsquo;un temps qui ne reviendra plus Adieu ce qui existait hier Place au jour d&rsquo;hui\u00a0\u00bb Cet enfant n&rsquo;\u00e9tait pas un ingrat Mais il faisait semblant&#8230;<\/p>\n","protected":false},"author":18,"featured_media":0,"comment_status":"closed","ping_status":"open","sticky":false,"template":"","format":"standard","meta":{"footnotes":""},"categories":[168],"tags":[5104],"wps_subtitle":"","_links":{"self":[{"href":"https:\/\/auteurs.harmattan.fr\/guy-dhoquois\/wp-json\/wp\/v2\/posts\/21466"}],"collection":[{"href":"https:\/\/auteurs.harmattan.fr\/guy-dhoquois\/wp-json\/wp\/v2\/posts"}],"about":[{"href":"https:\/\/auteurs.harmattan.fr\/guy-dhoquois\/wp-json\/wp\/v2\/types\/post"}],"author":[{"embeddable":true,"href":"https:\/\/auteurs.harmattan.fr\/guy-dhoquois\/wp-json\/wp\/v2\/users\/18"}],"replies":[{"embeddable":true,"href":"https:\/\/auteurs.harmattan.fr\/guy-dhoquois\/wp-json\/wp\/v2\/comments?post=21466"}],"version-history":[{"count":4,"href":"https:\/\/auteurs.harmattan.fr\/guy-dhoquois\/wp-json\/wp\/v2\/posts\/21466\/revisions"}],"predecessor-version":[{"id":21470,"href":"https:\/\/auteurs.harmattan.fr\/guy-dhoquois\/wp-json\/wp\/v2\/posts\/21466\/revisions\/21470"}],"wp:attachment":[{"href":"https:\/\/auteurs.harmattan.fr\/guy-dhoquois\/wp-json\/wp\/v2\/media?parent=21466"}],"wp:term":[{"taxonomy":"category","embeddable":true,"href":"https:\/\/auteurs.harmattan.fr\/guy-dhoquois\/wp-json\/wp\/v2\/categories?post=21466"},{"taxonomy":"post_tag","embeddable":true,"href":"https:\/\/auteurs.harmattan.fr\/guy-dhoquois\/wp-json\/wp\/v2\/tags?post=21466"}],"curies":[{"name":"wp","href":"https:\/\/api.w.org\/{rel}","templated":true}]}}