{"id":3154,"date":"2013-12-06T06:35:08","date_gmt":"2013-12-06T06:35:08","guid":{"rendered":"http:\/\/auteurs.harmattan.fr\/guy-dhoquois\/?p=3154"},"modified":"2013-12-06T19:59:16","modified_gmt":"2013-12-06T19:59:16","slug":"mandela","status":"publish","type":"post","link":"https:\/\/auteurs.harmattan.fr\/guy-dhoquois\/blog\/2013\/12\/06\/mandela\/","title":{"rendered":"Mandela"},"content":{"rendered":"<p>Mandela vient de mourir. Je me souviens, il y a plus de vingt ans, l&rsquo;Union Sovi\u00e9tique disparaissait, Mandela surgissait. J&rsquo;avais le souvenir du jeune homme un peu gros de visage. J&rsquo;ai attendu des heures devant ma t\u00e9l\u00e9vision. J&rsquo;ai enfin vu un noble vieillard dominant une foule, le Mandela que nous allons pieusement conserver, \u00ab\u00a0Madiba\u00a0\u00bb pour les siens. Il est rare qu&rsquo;un homme repr\u00e9sente autant d&rsquo;espoir et autant de r\u00e9ussite politique, incarne \u00e0 ce point un peuple et une nation dans un esprit de r\u00e9conciliation, de fraternit\u00e9. Mandela ou la victoire de l&rsquo;humanisme.<br \/>\nJe souhaite associer \u00e0 cet hommage le pr\u00e9sident De Klerk, qui a lib\u00e9r\u00e9 Mandela et a particip\u00e9 \u00e0 son \u00e9lection triomphale en 1994.<br \/>\nNelson Mandela, en \u00e9tant le p\u00e8re de la nation \u00ab\u00a0Arc-en -ciel\u00a0\u00bb, est devenu le p\u00e8re de toutes les nations.<\/p>\n","protected":false},"excerpt":{"rendered":"<p>Mandela vient de mourir. Je me souviens, il y a plus de vingt ans, l&rsquo;Union Sovi\u00e9tique disparaissait, Mandela surgissait. J&rsquo;avais le souvenir du jeune homme un peu gros de visage. J&rsquo;ai attendu des heures devant ma t\u00e9l\u00e9vision. J&rsquo;ai enfin vu un noble vieillard dominant une foule, le Mandela que nous allons pieusement conserver, \u00ab\u00a0Madiba\u00a0\u00bb pour&#8230;<\/p>\n","protected":false},"author":18,"featured_media":0,"comment_status":"closed","ping_status":"open","sticky":false,"template":"","format":"standard","meta":{"footnotes":""},"categories":[696],"tags":[1347,1378],"wps_subtitle":"","_links":{"self":[{"href":"https:\/\/auteurs.harmattan.fr\/guy-dhoquois\/wp-json\/wp\/v2\/posts\/3154"}],"collection":[{"href":"https:\/\/auteurs.harmattan.fr\/guy-dhoquois\/wp-json\/wp\/v2\/posts"}],"about":[{"href":"https:\/\/auteurs.harmattan.fr\/guy-dhoquois\/wp-json\/wp\/v2\/types\/post"}],"author":[{"embeddable":true,"href":"https:\/\/auteurs.harmattan.fr\/guy-dhoquois\/wp-json\/wp\/v2\/users\/18"}],"replies":[{"embeddable":true,"href":"https:\/\/auteurs.harmattan.fr\/guy-dhoquois\/wp-json\/wp\/v2\/comments?post=3154"}],"version-history":[{"count":11,"href":"https:\/\/auteurs.harmattan.fr\/guy-dhoquois\/wp-json\/wp\/v2\/posts\/3154\/revisions"}],"predecessor-version":[{"id":3157,"href":"https:\/\/auteurs.harmattan.fr\/guy-dhoquois\/wp-json\/wp\/v2\/posts\/3154\/revisions\/3157"}],"wp:attachment":[{"href":"https:\/\/auteurs.harmattan.fr\/guy-dhoquois\/wp-json\/wp\/v2\/media?parent=3154"}],"wp:term":[{"taxonomy":"category","embeddable":true,"href":"https:\/\/auteurs.harmattan.fr\/guy-dhoquois\/wp-json\/wp\/v2\/categories?post=3154"},{"taxonomy":"post_tag","embeddable":true,"href":"https:\/\/auteurs.harmattan.fr\/guy-dhoquois\/wp-json\/wp\/v2\/tags?post=3154"}],"curies":[{"name":"wp","href":"https:\/\/api.w.org\/{rel}","templated":true}]}}