{"id":3263,"date":"2013-12-07T16:26:55","date_gmt":"2013-12-07T16:26:55","guid":{"rendered":"http:\/\/auteurs.harmattan.fr\/guy-dhoquois\/?p=3263"},"modified":"2013-12-09T06:30:24","modified_gmt":"2013-12-09T06:30:24","slug":"hommage-a-rutebeuf","status":"publish","type":"post","link":"https:\/\/auteurs.harmattan.fr\/guy-dhoquois\/blog\/2013\/12\/07\/hommage-a-rutebeuf\/","title":{"rendered":"Hommage \u00e0 Rutebeuf"},"content":{"rendered":"<p>L\u00e9o Ferr\u00e9 a ressuscit\u00e9 quelques vers du grand Rutebeuf, trouv\u00e8re du XIII\u00b0 si\u00e8cle :<\/p>\n<p>\u00ab\u00a0Que sont mes amis devenus<br \/>\nQue j&rsquo;ai de si pr\u00e8s tenus ?\u00a0\u00bb<br \/>\nIls \u00e9taient trop clairsem\u00e9s<br \/>\nEt mal sem\u00e9s<br \/>\nIls m&rsquo;ont mal servi<br \/>\nQuand je fus assailli<br \/>\nDe tous c\u00f4t\u00e9s<br \/>\nL&rsquo;amour est mort<br \/>\n\u00ab\u00a0Ce sont amis que vent emporte\u00a0\u00bb<br \/>\nLa mort a pris son content<br \/>\nMais aussi l&rsquo;\u00e9loignement<br \/>\nLe d\u00e9m\u00e9nagement<br \/>\nL&rsquo;ambition<br \/>\nLa promotion<br \/>\nEt surtout la vieillesse<br \/>\nSans doute ai-je ma part<br \/>\nJe ne m&rsquo;int\u00e9resse pas<br \/>\nA ce qui ne m&rsquo;importe pas<br \/>\nJe porte un masque<br \/>\nD&rsquo;int\u00e9r\u00eat poli<br \/>\nChaud \u00e0 l&rsquo;ext\u00e9rieur<br \/>\nFroid \u00e0 l&rsquo;int\u00e9rieur<br \/>\nJe suis comme un mur<br \/>\nCouvert de fleurs<br \/>\nJ&rsquo;en ai admis quelques uns<br \/>\nDans mon jardin secret<br \/>\nJ&rsquo;aurais mieux fait de ne rien faire<br \/>\nJe suis victime de moi-m\u00eame<br \/>\nMon meilleur ami<br \/>\nEst mort<br \/>\nVoil\u00e0 vingt ans<br \/>\nRassurez-vous<br \/>\nQuelques amiti\u00e9s me restent<br \/>\nJe ne suis pas tant \u00e0 plaindre<br \/>\nFinalement<\/p>\n","protected":false},"excerpt":{"rendered":"<p>L\u00e9o Ferr\u00e9 a ressuscit\u00e9 quelques vers du grand Rutebeuf, trouv\u00e8re du XIII\u00b0 si\u00e8cle : \u00ab\u00a0Que sont mes amis devenus Que j&rsquo;ai de si pr\u00e8s tenus ?\u00a0\u00bb Ils \u00e9taient trop clairsem\u00e9s Et mal sem\u00e9s Ils m&rsquo;ont mal servi Quand je fus assailli De tous c\u00f4t\u00e9s L&rsquo;amour est mort \u00ab\u00a0Ce sont amis que vent emporte\u00a0\u00bb La mort&#8230;<\/p>\n","protected":false},"author":18,"featured_media":0,"comment_status":"closed","ping_status":"open","sticky":false,"template":"","format":"standard","meta":{"footnotes":""},"categories":[168],"tags":[571],"wps_subtitle":"","_links":{"self":[{"href":"https:\/\/auteurs.harmattan.fr\/guy-dhoquois\/wp-json\/wp\/v2\/posts\/3263"}],"collection":[{"href":"https:\/\/auteurs.harmattan.fr\/guy-dhoquois\/wp-json\/wp\/v2\/posts"}],"about":[{"href":"https:\/\/auteurs.harmattan.fr\/guy-dhoquois\/wp-json\/wp\/v2\/types\/post"}],"author":[{"embeddable":true,"href":"https:\/\/auteurs.harmattan.fr\/guy-dhoquois\/wp-json\/wp\/v2\/users\/18"}],"replies":[{"embeddable":true,"href":"https:\/\/auteurs.harmattan.fr\/guy-dhoquois\/wp-json\/wp\/v2\/comments?post=3263"}],"version-history":[{"count":9,"href":"https:\/\/auteurs.harmattan.fr\/guy-dhoquois\/wp-json\/wp\/v2\/posts\/3263\/revisions"}],"predecessor-version":[{"id":3348,"href":"https:\/\/auteurs.harmattan.fr\/guy-dhoquois\/wp-json\/wp\/v2\/posts\/3263\/revisions\/3348"}],"wp:attachment":[{"href":"https:\/\/auteurs.harmattan.fr\/guy-dhoquois\/wp-json\/wp\/v2\/media?parent=3263"}],"wp:term":[{"taxonomy":"category","embeddable":true,"href":"https:\/\/auteurs.harmattan.fr\/guy-dhoquois\/wp-json\/wp\/v2\/categories?post=3263"},{"taxonomy":"post_tag","embeddable":true,"href":"https:\/\/auteurs.harmattan.fr\/guy-dhoquois\/wp-json\/wp\/v2\/tags?post=3263"}],"curies":[{"name":"wp","href":"https:\/\/api.w.org\/{rel}","templated":true}]}}