{"id":34489,"date":"2018-08-21T12:21:56","date_gmt":"2018-08-21T12:21:56","guid":{"rendered":"http:\/\/auteurs.harmattan.fr\/guy-dhoquois\/?p=34489"},"modified":"2018-08-21T12:28:05","modified_gmt":"2018-08-21T12:28:05","slug":"rd-119","status":"publish","type":"post","link":"https:\/\/auteurs.harmattan.fr\/guy-dhoquois\/blog\/2018\/08\/21\/rd-119\/","title":{"rendered":"RD 119"},"content":{"rendered":"<p>L&rsquo;absence de pens\u00e9e est admirable pour le po\u00e8te<br \/>\nTout au moins si on la comprend<br \/>\nComme le d\u00e9ploiement des perceptions , la pens\u00e9e,<br \/>\nAu sein de la vacuit\u00e9, l&rsquo;absence <\/p>\n<p>La v\u00e9ritable absence de pens\u00e9e<br \/>\nC&rsquo;est l&rsquo;absence de pens\u00e9e<br \/>\nDans la pens\u00e9e m\u00eame<br \/>\nUn \u00e9tat naturel <\/p>\n<p>Mon \u00e9tat naturel je l&rsquo;ai trop ni\u00e9<br \/>\nEst une pens\u00e9e qui n&rsquo;en est peut-\u00eatre pas une<br \/>\nC&rsquo;est une \u00e9vidence<br \/>\nCe n&rsquo;est pas une danse <\/p>\n<p>Aux calendes grecques comme des muriers plein l&rsquo;oc\u00e9an<br \/>\nL&rsquo;esprit d&rsquo;\u00e9veil ne se confond pas avec l&rsquo;esprit ordinaire<br \/>\nIl faut attendre les calendes latines pour \u00e7a<br \/>\nEn fait c&rsquo;est l&rsquo;esprit ordinaire qui rencontre l&rsquo;\u00e9veil <\/p>\n","protected":false},"excerpt":{"rendered":"<p>L&rsquo;absence de pens\u00e9e est admirable pour le po\u00e8te Tout au moins si on la comprend Comme le d\u00e9ploiement des perceptions , la pens\u00e9e, Au sein de la vacuit\u00e9, l&rsquo;absence La v\u00e9ritable absence de pens\u00e9e C&rsquo;est l&rsquo;absence de pens\u00e9e Dans la pens\u00e9e m\u00eame Un \u00e9tat naturel Mon \u00e9tat naturel je l&rsquo;ai trop ni\u00e9 Est une pens\u00e9e&#8230;<\/p>\n","protected":false},"author":18,"featured_media":0,"comment_status":"closed","ping_status":"open","sticky":false,"template":"","format":"standard","meta":{"footnotes":""},"categories":[168],"tags":[8584],"wps_subtitle":"","_links":{"self":[{"href":"https:\/\/auteurs.harmattan.fr\/guy-dhoquois\/wp-json\/wp\/v2\/posts\/34489"}],"collection":[{"href":"https:\/\/auteurs.harmattan.fr\/guy-dhoquois\/wp-json\/wp\/v2\/posts"}],"about":[{"href":"https:\/\/auteurs.harmattan.fr\/guy-dhoquois\/wp-json\/wp\/v2\/types\/post"}],"author":[{"embeddable":true,"href":"https:\/\/auteurs.harmattan.fr\/guy-dhoquois\/wp-json\/wp\/v2\/users\/18"}],"replies":[{"embeddable":true,"href":"https:\/\/auteurs.harmattan.fr\/guy-dhoquois\/wp-json\/wp\/v2\/comments?post=34489"}],"version-history":[{"count":3,"href":"https:\/\/auteurs.harmattan.fr\/guy-dhoquois\/wp-json\/wp\/v2\/posts\/34489\/revisions"}],"predecessor-version":[{"id":34492,"href":"https:\/\/auteurs.harmattan.fr\/guy-dhoquois\/wp-json\/wp\/v2\/posts\/34489\/revisions\/34492"}],"wp:attachment":[{"href":"https:\/\/auteurs.harmattan.fr\/guy-dhoquois\/wp-json\/wp\/v2\/media?parent=34489"}],"wp:term":[{"taxonomy":"category","embeddable":true,"href":"https:\/\/auteurs.harmattan.fr\/guy-dhoquois\/wp-json\/wp\/v2\/categories?post=34489"},{"taxonomy":"post_tag","embeddable":true,"href":"https:\/\/auteurs.harmattan.fr\/guy-dhoquois\/wp-json\/wp\/v2\/tags?post=34489"}],"curies":[{"name":"wp","href":"https:\/\/api.w.org\/{rel}","templated":true}]}}