{"id":3729,"date":"2013-12-19T09:48:24","date_gmt":"2013-12-19T09:48:24","guid":{"rendered":"http:\/\/auteurs.harmattan.fr\/guy-dhoquois\/?p=3729"},"modified":"2013-12-19T11:28:09","modified_gmt":"2013-12-19T11:28:09","slug":"hommage-a-valade","status":"publish","type":"post","link":"https:\/\/auteurs.harmattan.fr\/guy-dhoquois\/blog\/2013\/12\/19\/hommage-a-valade\/","title":{"rendered":"Hommage \u00e0 Valade"},"content":{"rendered":"<p>L\u00e9on Valade fut au XIX\u00b0 si\u00e8cle employ\u00e9 \u00e0 l&rsquo;h\u00f4tel de ville de Paris :<\/p>\n<p>Dans mon madrigal amer<br \/>\nJe m&#8217;embarque sur la mer<br \/>\nLa mer de tes yeux sinc\u00e8res<br \/>\nSur l&rsquo;azur glauque de tes yeux<br \/>\nIllumin\u00e9 par des \u00e9toiles<br \/>\nMes r\u00eaves font voile<br \/>\nVers l&rsquo;azur clair des cieux<br \/>\nDans tes prunelles profondes<br \/>\nMes r\u00eaves sont ensevelis<br \/>\nJe me trompe tu lis<br \/>\nUn livre transmis par les ondes<\/p>\n","protected":false},"excerpt":{"rendered":"<p>L\u00e9on Valade fut au XIX\u00b0 si\u00e8cle employ\u00e9 \u00e0 l&rsquo;h\u00f4tel de ville de Paris : Dans mon madrigal amer Je m&#8217;embarque sur la mer La mer de tes yeux sinc\u00e8res Sur l&rsquo;azur glauque de tes yeux Illumin\u00e9 par des \u00e9toiles Mes r\u00eaves font voile Vers l&rsquo;azur clair des cieux Dans tes prunelles profondes Mes r\u00eaves sont&#8230;<\/p>\n","protected":false},"author":18,"featured_media":0,"comment_status":"closed","ping_status":"open","sticky":false,"template":"","format":"standard","meta":{"footnotes":""},"categories":[168],"tags":[1458],"wps_subtitle":"","_links":{"self":[{"href":"https:\/\/auteurs.harmattan.fr\/guy-dhoquois\/wp-json\/wp\/v2\/posts\/3729"}],"collection":[{"href":"https:\/\/auteurs.harmattan.fr\/guy-dhoquois\/wp-json\/wp\/v2\/posts"}],"about":[{"href":"https:\/\/auteurs.harmattan.fr\/guy-dhoquois\/wp-json\/wp\/v2\/types\/post"}],"author":[{"embeddable":true,"href":"https:\/\/auteurs.harmattan.fr\/guy-dhoquois\/wp-json\/wp\/v2\/users\/18"}],"replies":[{"embeddable":true,"href":"https:\/\/auteurs.harmattan.fr\/guy-dhoquois\/wp-json\/wp\/v2\/comments?post=3729"}],"version-history":[{"count":6,"href":"https:\/\/auteurs.harmattan.fr\/guy-dhoquois\/wp-json\/wp\/v2\/posts\/3729\/revisions"}],"predecessor-version":[{"id":3751,"href":"https:\/\/auteurs.harmattan.fr\/guy-dhoquois\/wp-json\/wp\/v2\/posts\/3729\/revisions\/3751"}],"wp:attachment":[{"href":"https:\/\/auteurs.harmattan.fr\/guy-dhoquois\/wp-json\/wp\/v2\/media?parent=3729"}],"wp:term":[{"taxonomy":"category","embeddable":true,"href":"https:\/\/auteurs.harmattan.fr\/guy-dhoquois\/wp-json\/wp\/v2\/categories?post=3729"},{"taxonomy":"post_tag","embeddable":true,"href":"https:\/\/auteurs.harmattan.fr\/guy-dhoquois\/wp-json\/wp\/v2\/tags?post=3729"}],"curies":[{"name":"wp","href":"https:\/\/api.w.org\/{rel}","templated":true}]}}