{"id":37992,"date":"2018-12-28T08:14:58","date_gmt":"2018-12-28T08:14:58","guid":{"rendered":"http:\/\/auteurs.harmattan.fr\/guy-dhoquois\/?p=37992"},"modified":"2018-12-28T08:14:58","modified_gmt":"2018-12-28T08:14:58","slug":"fgv-16","status":"publish","type":"post","link":"https:\/\/auteurs.harmattan.fr\/guy-dhoquois\/blog\/2018\/12\/28\/fgv-16\/","title":{"rendered":"FGV 16"},"content":{"rendered":"<p>La saison s&rsquo;en vint des jours qui d\u00e9croissent<br \/>\nL&rsquo;ours suivait l&rsquo;abbesse<br \/>\nDormait au seuil de sa cellule<br \/>\nLui \u00e9tait pleinement fid\u00e8le <\/p>\n<p>L&rsquo;abbesse restait muette<br \/>\nDisait des yeux sa v\u00e9rit\u00e9<br \/>\nQu&rsquo;ils partageaient tous deux<br \/>\nLe silence est la langue de l&rsquo;\u00e9ternit\u00e9 <\/p>\n<p>Les nobles pens\u00e9es volent de r\u00eave en r\u00eave<br \/>\nDe l&rsquo;ours \u00e0 l&rsquo;abbesse<br \/>\nEt de l&rsquo;abbesse \u00e0 l&rsquo;ours<br \/>\n\u00ab\u00a0Bel ours nos vies sont les m\u00eames<br \/>\nPour l&rsquo;essentiel\u00a0\u00bb<\/p>\n<p>\u00ab\u00a0Je vivais moi aussi dans le calme des bois<br \/>\nDans le vert donjon familial<br \/>\nToi tu vivais paisible<br \/>\nDans la for\u00eat bleue\u00a0\u00bb <\/p>\n","protected":false},"excerpt":{"rendered":"<p>La saison s&rsquo;en vint des jours qui d\u00e9croissent L&rsquo;ours suivait l&rsquo;abbesse Dormait au seuil de sa cellule Lui \u00e9tait pleinement fid\u00e8le L&rsquo;abbesse restait muette Disait des yeux sa v\u00e9rit\u00e9 Qu&rsquo;ils partageaient tous deux Le silence est la langue de l&rsquo;\u00e9ternit\u00e9 Les nobles pens\u00e9es volent de r\u00eave en r\u00eave De l&rsquo;ours \u00e0 l&rsquo;abbesse Et de l&rsquo;abbesse&#8230;<\/p>\n","protected":false},"author":18,"featured_media":0,"comment_status":"closed","ping_status":"open","sticky":false,"template":"","format":"standard","meta":{"footnotes":""},"categories":[168],"tags":[9661],"wps_subtitle":"","_links":{"self":[{"href":"https:\/\/auteurs.harmattan.fr\/guy-dhoquois\/wp-json\/wp\/v2\/posts\/37992"}],"collection":[{"href":"https:\/\/auteurs.harmattan.fr\/guy-dhoquois\/wp-json\/wp\/v2\/posts"}],"about":[{"href":"https:\/\/auteurs.harmattan.fr\/guy-dhoquois\/wp-json\/wp\/v2\/types\/post"}],"author":[{"embeddable":true,"href":"https:\/\/auteurs.harmattan.fr\/guy-dhoquois\/wp-json\/wp\/v2\/users\/18"}],"replies":[{"embeddable":true,"href":"https:\/\/auteurs.harmattan.fr\/guy-dhoquois\/wp-json\/wp\/v2\/comments?post=37992"}],"version-history":[{"count":1,"href":"https:\/\/auteurs.harmattan.fr\/guy-dhoquois\/wp-json\/wp\/v2\/posts\/37992\/revisions"}],"predecessor-version":[{"id":37993,"href":"https:\/\/auteurs.harmattan.fr\/guy-dhoquois\/wp-json\/wp\/v2\/posts\/37992\/revisions\/37993"}],"wp:attachment":[{"href":"https:\/\/auteurs.harmattan.fr\/guy-dhoquois\/wp-json\/wp\/v2\/media?parent=37992"}],"wp:term":[{"taxonomy":"category","embeddable":true,"href":"https:\/\/auteurs.harmattan.fr\/guy-dhoquois\/wp-json\/wp\/v2\/categories?post=37992"},{"taxonomy":"post_tag","embeddable":true,"href":"https:\/\/auteurs.harmattan.fr\/guy-dhoquois\/wp-json\/wp\/v2\/tags?post=37992"}],"curies":[{"name":"wp","href":"https:\/\/api.w.org\/{rel}","templated":true}]}}