{"id":453,"date":"2013-04-14T08:47:08","date_gmt":"2013-04-14T08:47:08","guid":{"rendered":"http:\/\/auteurs.harmattan.fr\/guy-dhoquois\/?p=453"},"modified":"2013-06-08T19:33:42","modified_gmt":"2013-06-08T19:33:42","slug":"1965","status":"publish","type":"post","link":"https:\/\/auteurs.harmattan.fr\/guy-dhoquois\/blog\/2013\/04\/14\/1965\/","title":{"rendered":"1965"},"content":{"rendered":"<p>En 1965 le fin strat\u00e8ge qu&rsquo;\u00e9tait Fran\u00e7ois Mitterrand publiait \u00ab\u00a0Le coup d&rsquo;\u00e9tat permanent\u00a0\u00bb, livre qui condamnait la politique du g\u00e9n\u00e9ral de Gaulle. En 1981 il essayait d&rsquo;endosser les habits du g\u00e9n\u00e9ral.<br \/>\nEn 1965, commentateur d\u00e9butant, je me ralliais aux institutions de la V\u00b0R\u00e9publique ainsi qu&rsquo;\u00e0 la politique de d\u00e9fense du g\u00e9n\u00e9ral. En 1981 je votais Mitterrand.<br \/>\nCe sont les politiques qui ont raison parce que c&rsquo;est eux qui font l&rsquo;Histoire, du moins les apparences de celle-ci.<br \/>\nInutile de dire que je ne suis pas un leader.<\/p>\n","protected":false},"excerpt":{"rendered":"<p>En 1965 le fin strat\u00e8ge qu&rsquo;\u00e9tait Fran\u00e7ois Mitterrand publiait \u00ab\u00a0Le coup d&rsquo;\u00e9tat permanent\u00a0\u00bb, livre qui condamnait la politique du g\u00e9n\u00e9ral de Gaulle. En 1981 il essayait d&rsquo;endosser les habits du g\u00e9n\u00e9ral. En 1965, commentateur d\u00e9butant, je me ralliais aux institutions de la V\u00b0R\u00e9publique ainsi qu&rsquo;\u00e0 la politique de d\u00e9fense du g\u00e9n\u00e9ral. En 1981 je votais&#8230;<\/p>\n","protected":false},"author":18,"featured_media":0,"comment_status":"closed","ping_status":"open","sticky":false,"template":"","format":"standard","meta":{"footnotes":""},"categories":[696,1,299],"tags":[639],"wps_subtitle":"","_links":{"self":[{"href":"https:\/\/auteurs.harmattan.fr\/guy-dhoquois\/wp-json\/wp\/v2\/posts\/453"}],"collection":[{"href":"https:\/\/auteurs.harmattan.fr\/guy-dhoquois\/wp-json\/wp\/v2\/posts"}],"about":[{"href":"https:\/\/auteurs.harmattan.fr\/guy-dhoquois\/wp-json\/wp\/v2\/types\/post"}],"author":[{"embeddable":true,"href":"https:\/\/auteurs.harmattan.fr\/guy-dhoquois\/wp-json\/wp\/v2\/users\/18"}],"replies":[{"embeddable":true,"href":"https:\/\/auteurs.harmattan.fr\/guy-dhoquois\/wp-json\/wp\/v2\/comments?post=453"}],"version-history":[{"count":6,"href":"https:\/\/auteurs.harmattan.fr\/guy-dhoquois\/wp-json\/wp\/v2\/posts\/453\/revisions"}],"predecessor-version":[{"id":1110,"href":"https:\/\/auteurs.harmattan.fr\/guy-dhoquois\/wp-json\/wp\/v2\/posts\/453\/revisions\/1110"}],"wp:attachment":[{"href":"https:\/\/auteurs.harmattan.fr\/guy-dhoquois\/wp-json\/wp\/v2\/media?parent=453"}],"wp:term":[{"taxonomy":"category","embeddable":true,"href":"https:\/\/auteurs.harmattan.fr\/guy-dhoquois\/wp-json\/wp\/v2\/categories?post=453"},{"taxonomy":"post_tag","embeddable":true,"href":"https:\/\/auteurs.harmattan.fr\/guy-dhoquois\/wp-json\/wp\/v2\/tags?post=453"}],"curies":[{"name":"wp","href":"https:\/\/api.w.org\/{rel}","templated":true}]}}