{"id":5325,"date":"2014-02-03T17:05:24","date_gmt":"2014-02-03T17:05:24","guid":{"rendered":"http:\/\/auteurs.harmattan.fr\/guy-dhoquois\/?p=5325"},"modified":"2014-02-04T06:50:07","modified_gmt":"2014-02-04T06:50:07","slug":"hommage-a-brodeau","status":"publish","type":"post","link":"https:\/\/auteurs.harmattan.fr\/guy-dhoquois\/blog\/2014\/02\/03\/hommage-a-brodeau\/","title":{"rendered":"Hommage \u00e0 Brodeau"},"content":{"rendered":"<p>Victor Brodeau est de la premi\u00e8re moiti\u00e9 du XVI\u00b0 si\u00e8cle. Les blasons de couleurs furent \u00e0 la mode \u00e0 cette \u00e9poque, en grande partie pour des raisons h\u00e9raldiques, mais aussi esth\u00e9tiques et vestimentaires. J&rsquo;ai superpos\u00e9 mes pr\u00e9occupations \u00e0 celles du po\u00e8te  :<\/p>\n<p>Le noir est pris pour le deuil mais aussi la fermet\u00e9<br \/>\nLe gris travaille avec ou sans \u00e9preuve<br \/>\nLe blanc est foi optimisme<br \/>\nLe marron le tann\u00e9 montre une m\u00e9lancolie<br \/>\nVoire une d\u00e9sesp\u00e9rance<br \/>\nLe rouge est vengeance ou triomphe<br \/>\nL&rsquo;incarnat brille souvent de douleur<br \/>\nLe jaune est couleur du contentement<br \/>\nL&rsquo;orange est vif comme le changement<br \/>\nLe violet est chaleur d&rsquo;amour<br \/>\nLe bleu se veut serein voire s\u00e9r\u00e9nit\u00e9<br \/>\nLe vert repr\u00e9sente l&rsquo;espoir<br \/>\nLe m\u00e9lange de gris et de vert est joli<br \/>\nMais risque de d\u00e9cevoir<br \/>\nCertain po\u00e8te* s&rsquo;en afflige puisqu&rsquo;il en re\u00e7oit<br \/>\nPlus de mal que de bien<br \/>\nje ne conseillerais pas le vert de gris<br \/>\nPour ma part j&rsquo;ai choisi l&rsquo;alliance<br \/>\nDu blanc et du rouge<br \/>\nDe l&rsquo;immacul\u00e9 et du combat<\/p>\n<p>* Ce po\u00e8te est Victor Brodeau  lui-m\u00eame<\/p>\n","protected":false},"excerpt":{"rendered":"<p>Victor Brodeau est de la premi\u00e8re moiti\u00e9 du XVI\u00b0 si\u00e8cle. Les blasons de couleurs furent \u00e0 la mode \u00e0 cette \u00e9poque, en grande partie pour des raisons h\u00e9raldiques, mais aussi esth\u00e9tiques et vestimentaires. J&rsquo;ai superpos\u00e9 mes pr\u00e9occupations \u00e0 celles du po\u00e8te : Le noir est pris pour le deuil mais aussi la fermet\u00e9 Le gris&#8230;<\/p>\n","protected":false},"author":18,"featured_media":0,"comment_status":"closed","ping_status":"open","sticky":false,"template":"","format":"standard","meta":{"footnotes":""},"categories":[1,168],"tags":[1743],"wps_subtitle":"","_links":{"self":[{"href":"https:\/\/auteurs.harmattan.fr\/guy-dhoquois\/wp-json\/wp\/v2\/posts\/5325"}],"collection":[{"href":"https:\/\/auteurs.harmattan.fr\/guy-dhoquois\/wp-json\/wp\/v2\/posts"}],"about":[{"href":"https:\/\/auteurs.harmattan.fr\/guy-dhoquois\/wp-json\/wp\/v2\/types\/post"}],"author":[{"embeddable":true,"href":"https:\/\/auteurs.harmattan.fr\/guy-dhoquois\/wp-json\/wp\/v2\/users\/18"}],"replies":[{"embeddable":true,"href":"https:\/\/auteurs.harmattan.fr\/guy-dhoquois\/wp-json\/wp\/v2\/comments?post=5325"}],"version-history":[{"count":9,"href":"https:\/\/auteurs.harmattan.fr\/guy-dhoquois\/wp-json\/wp\/v2\/posts\/5325\/revisions"}],"predecessor-version":[{"id":5328,"href":"https:\/\/auteurs.harmattan.fr\/guy-dhoquois\/wp-json\/wp\/v2\/posts\/5325\/revisions\/5328"}],"wp:attachment":[{"href":"https:\/\/auteurs.harmattan.fr\/guy-dhoquois\/wp-json\/wp\/v2\/media?parent=5325"}],"wp:term":[{"taxonomy":"category","embeddable":true,"href":"https:\/\/auteurs.harmattan.fr\/guy-dhoquois\/wp-json\/wp\/v2\/categories?post=5325"},{"taxonomy":"post_tag","embeddable":true,"href":"https:\/\/auteurs.harmattan.fr\/guy-dhoquois\/wp-json\/wp\/v2\/tags?post=5325"}],"curies":[{"name":"wp","href":"https:\/\/api.w.org\/{rel}","templated":true}]}}