{"id":5435,"date":"2014-02-07T09:53:39","date_gmt":"2014-02-07T09:53:39","guid":{"rendered":"http:\/\/auteurs.harmattan.fr\/guy-dhoquois\/?p=5435"},"modified":"2014-02-07T14:36:27","modified_gmt":"2014-02-07T14:36:27","slug":"hommage-a-la-renaissance","status":"publish","type":"post","link":"https:\/\/auteurs.harmattan.fr\/guy-dhoquois\/blog\/2014\/02\/07\/hommage-a-la-renaissance\/","title":{"rendered":"Hommage \u00e0 la Renaissance"},"content":{"rendered":"<p>Je vais poursuivre mon hommage \u00e0 la po\u00e9sie fran\u00e7aise du XVI\u00b0 si\u00e8cle, prodigieuse et diverse, de l&rsquo;\u00e9loge de la v\u00e9nerie et des travaux des champs \u00e0 l&rsquo;amour le plus id\u00e9alis\u00e9, archa\u00efque un peu et moderne \u00e9trangement. La po\u00e9sie pour une \u00e9lite sociale jouait alors un r\u00f4le immense qu&rsquo;elle a aujourd&rsquo;hui perdu au profit de m\u00e9dia diff\u00e9rents, la chanson \u00e9tant son h\u00e9riti\u00e8re. La po\u00e9sie fran\u00e7aise du XVI\u00b0 si\u00e8cle est l&rsquo;un des reflets de ce qu&rsquo;on appelle \u00e0 juste titre la Renaissance. N&rsquo;oublions pas la R\u00e9forme protestante ainsi que la Contre-R\u00e9forme catholique auxquelles j&rsquo;ai choisi de ne pas faire allusion.<\/p>\n","protected":false},"excerpt":{"rendered":"<p>Je vais poursuivre mon hommage \u00e0 la po\u00e9sie fran\u00e7aise du XVI\u00b0 si\u00e8cle, prodigieuse et diverse, de l&rsquo;\u00e9loge de la v\u00e9nerie et des travaux des champs \u00e0 l&rsquo;amour le plus id\u00e9alis\u00e9, archa\u00efque un peu et moderne \u00e9trangement. La po\u00e9sie pour une \u00e9lite sociale jouait alors un r\u00f4le immense qu&rsquo;elle a aujourd&rsquo;hui perdu au profit de m\u00e9dia&#8230;<\/p>\n","protected":false},"author":18,"featured_media":0,"comment_status":"closed","ping_status":"open","sticky":false,"template":"","format":"standard","meta":{"footnotes":""},"categories":[696,168],"tags":[1151],"wps_subtitle":"","_links":{"self":[{"href":"https:\/\/auteurs.harmattan.fr\/guy-dhoquois\/wp-json\/wp\/v2\/posts\/5435"}],"collection":[{"href":"https:\/\/auteurs.harmattan.fr\/guy-dhoquois\/wp-json\/wp\/v2\/posts"}],"about":[{"href":"https:\/\/auteurs.harmattan.fr\/guy-dhoquois\/wp-json\/wp\/v2\/types\/post"}],"author":[{"embeddable":true,"href":"https:\/\/auteurs.harmattan.fr\/guy-dhoquois\/wp-json\/wp\/v2\/users\/18"}],"replies":[{"embeddable":true,"href":"https:\/\/auteurs.harmattan.fr\/guy-dhoquois\/wp-json\/wp\/v2\/comments?post=5435"}],"version-history":[{"count":3,"href":"https:\/\/auteurs.harmattan.fr\/guy-dhoquois\/wp-json\/wp\/v2\/posts\/5435\/revisions"}],"predecessor-version":[{"id":5448,"href":"https:\/\/auteurs.harmattan.fr\/guy-dhoquois\/wp-json\/wp\/v2\/posts\/5435\/revisions\/5448"}],"wp:attachment":[{"href":"https:\/\/auteurs.harmattan.fr\/guy-dhoquois\/wp-json\/wp\/v2\/media?parent=5435"}],"wp:term":[{"taxonomy":"category","embeddable":true,"href":"https:\/\/auteurs.harmattan.fr\/guy-dhoquois\/wp-json\/wp\/v2\/categories?post=5435"},{"taxonomy":"post_tag","embeddable":true,"href":"https:\/\/auteurs.harmattan.fr\/guy-dhoquois\/wp-json\/wp\/v2\/tags?post=5435"}],"curies":[{"name":"wp","href":"https:\/\/api.w.org\/{rel}","templated":true}]}}