{"id":5724,"date":"2014-02-27T14:35:59","date_gmt":"2014-02-27T14:35:59","guid":{"rendered":"http:\/\/auteurs.harmattan.fr\/guy-dhoquois\/?p=5724"},"modified":"2014-03-02T11:05:58","modified_gmt":"2014-03-02T11:05:58","slug":"un-an-deja","status":"publish","type":"post","link":"https:\/\/auteurs.harmattan.fr\/guy-dhoquois\/blog\/2014\/02\/27\/un-an-deja\/","title":{"rendered":"Un an d\u00e9j\u00e0"},"content":{"rendered":"<p>Le 27\/2\/2013 je lan\u00e7ais ce blog avec l&rsquo;aide de notre fille Anne. Le 3 mars j&rsquo;\u00e9crivais. Ce blog fut longtemps historique, politique, personnel. Puis j&rsquo;eus le plaisir d&rsquo;y introduire des po\u00e8mes que j&rsquo;ai \u00e9crits il y a un demi-si\u00e8cle et des r\u00e9flexions ontologiques, consacr\u00e9es surtout \u00e0 H\u00e9raclite et \u00e0 Blaise Pascal. C&rsquo;est gr\u00e2ce \u00e0 ces auteurs que je me suis mis \u00e0 translater, c&rsquo;est-\u00e0-dire \u00e0 traduire, adapter, moderniser\u2026 Pour la no\u00ebl 2013 j&rsquo;ai commenc\u00e9 la publication int\u00e9grale des fables de Florian. Puis j&rsquo;ai pr\u00e9sent\u00e9 une anthologie des po\u00e8tes fran\u00e7ais du XVI\u00b0 si\u00e8cle. Enfin j&rsquo;ai r\u00e9fl\u00e9chi sur quelques peintures des si\u00e8cles pass\u00e9s.<br \/>\nJe n&rsquo;ai jamais oubli\u00e9 la vari\u00e9t\u00e9 d&rsquo;inspiration qui me semble convenir \u00e0 un blog. A partir du 3 mars commence une deuxi\u00e8me \u00ab\u00a0saison\u00a0\u00bb avec un retour \u00e0 quelques-unes de mes pr\u00e9occupations essentielles.<\/p>\n","protected":false},"excerpt":{"rendered":"<p>Le 27\/2\/2013 je lan\u00e7ais ce blog avec l&rsquo;aide de notre fille Anne. Le 3 mars j&rsquo;\u00e9crivais. Ce blog fut longtemps historique, politique, personnel. Puis j&rsquo;eus le plaisir d&rsquo;y introduire des po\u00e8mes que j&rsquo;ai \u00e9crits il y a un demi-si\u00e8cle et des r\u00e9flexions ontologiques, consacr\u00e9es surtout \u00e0 H\u00e9raclite et \u00e0 Blaise Pascal. C&rsquo;est gr\u00e2ce \u00e0 ces&#8230;<\/p>\n","protected":false},"author":18,"featured_media":0,"comment_status":"closed","ping_status":"open","sticky":false,"template":"","format":"standard","meta":{"footnotes":""},"categories":[696,1,168,299,1262],"tags":[1820],"wps_subtitle":"","_links":{"self":[{"href":"https:\/\/auteurs.harmattan.fr\/guy-dhoquois\/wp-json\/wp\/v2\/posts\/5724"}],"collection":[{"href":"https:\/\/auteurs.harmattan.fr\/guy-dhoquois\/wp-json\/wp\/v2\/posts"}],"about":[{"href":"https:\/\/auteurs.harmattan.fr\/guy-dhoquois\/wp-json\/wp\/v2\/types\/post"}],"author":[{"embeddable":true,"href":"https:\/\/auteurs.harmattan.fr\/guy-dhoquois\/wp-json\/wp\/v2\/users\/18"}],"replies":[{"embeddable":true,"href":"https:\/\/auteurs.harmattan.fr\/guy-dhoquois\/wp-json\/wp\/v2\/comments?post=5724"}],"version-history":[{"count":2,"href":"https:\/\/auteurs.harmattan.fr\/guy-dhoquois\/wp-json\/wp\/v2\/posts\/5724\/revisions"}],"predecessor-version":[{"id":5738,"href":"https:\/\/auteurs.harmattan.fr\/guy-dhoquois\/wp-json\/wp\/v2\/posts\/5724\/revisions\/5738"}],"wp:attachment":[{"href":"https:\/\/auteurs.harmattan.fr\/guy-dhoquois\/wp-json\/wp\/v2\/media?parent=5724"}],"wp:term":[{"taxonomy":"category","embeddable":true,"href":"https:\/\/auteurs.harmattan.fr\/guy-dhoquois\/wp-json\/wp\/v2\/categories?post=5724"},{"taxonomy":"post_tag","embeddable":true,"href":"https:\/\/auteurs.harmattan.fr\/guy-dhoquois\/wp-json\/wp\/v2\/tags?post=5724"}],"curies":[{"name":"wp","href":"https:\/\/api.w.org\/{rel}","templated":true}]}}