{"id":5839,"date":"2014-05-06T16:52:59","date_gmt":"2014-05-06T16:52:59","guid":{"rendered":"http:\/\/auteurs.harmattan.fr\/guy-dhoquois\/?p=5839"},"modified":"2014-05-06T18:32:10","modified_gmt":"2014-05-06T18:32:10","slug":"je-hais-donc-je-suis","status":"publish","type":"post","link":"https:\/\/auteurs.harmattan.fr\/guy-dhoquois\/blog\/2014\/05\/06\/je-hais-donc-je-suis\/","title":{"rendered":"Je hais, donc je suis"},"content":{"rendered":"<p>J&rsquo;ai la haine. La haine fondamentale est contre tout ce qui a fait du mal \u00e0 ma m\u00e8re, abandonn\u00e9e \u00e0 la naissance, fille de l&rsquo;assistance publique, rest\u00e9e marginale, cependant mari\u00e9e.<br \/>\nJ&rsquo;en veux \u00e0 ma m\u00e9moire de privil\u00e9gier la haine. Il faut faire l&rsquo;effort de se souvenir des bons moments qui ont \u00e9t\u00e9 l\u00e9gion.<br \/>\nPour moi personnellement il  n&rsquo;y a eu que quelques moments de haine. Contre une brave m\u00e8re de famille, venue se plaindre d&rsquo;un exercice que tous les \u00e9l\u00e8ves avaient r\u00e9alis\u00e9, m\u00e9moriser une carte de g\u00e9ographie. J&rsquo;avais vingt ans.<br \/>\nContre deux coll\u00e8gues qui me doivent leur carri\u00e8re et qui se sont signal\u00e9 par une ingratitude crasse. Normal me direz-vous, d&rsquo;autant plus que l&rsquo;un est dans les vaps et l&rsquo;autre shizo.<br \/>\nContre les \u00e9conomistes qui refusent la pluridisciplinarit\u00e9. Ils n&rsquo;ont pas tort puisqu&rsquo;on les laisse faire&#8230;<br \/>\nLe probl\u00e8me est que j&rsquo;aime la haine. Elle me tient compagnie. Je pr\u00e9f\u00e8re certes l&rsquo;amour trop rare, trop diffus, souvent d\u00e9\u00e7u\u2026<br \/>\nDe la haine je ne fais pas un probl\u00e8me. Il est inutile de se venger. C&rsquo;est une perte de temps. Surtout, si j&rsquo;ai raison, la vengeance viendra toute seule, elle n&rsquo;a pas besoin de moi.<br \/>\nEn fait je dispose de deux sortes de haine, l&rsquo;une est br\u00fblante, un feu, l&rsquo;autre est froide comme l&rsquo;acier\u2026 L&rsquo;une p\u00e9tille, disparait, l&rsquo;autre dure, dure\u2026 Mais j&rsquo;en suis content\u2026<br \/>\nLa haine de feu concerne mes petits cas personnels. La haine d&rsquo;acier s&rsquo;oppose aux vastes syst\u00e8mes d&rsquo;exploitation sociale qui ont fait l&rsquo;Histoire. Toutes ces haines naissent de l&rsquo;injustice.<\/p>\n","protected":false},"excerpt":{"rendered":"<p>J&rsquo;ai la haine. La haine fondamentale est contre tout ce qui a fait du mal \u00e0 ma m\u00e8re, abandonn\u00e9e \u00e0 la naissance, fille de l&rsquo;assistance publique, rest\u00e9e marginale, cependant mari\u00e9e. J&rsquo;en veux \u00e0 ma m\u00e9moire de privil\u00e9gier la haine. Il faut faire l&rsquo;effort de se souvenir des bons moments qui ont \u00e9t\u00e9 l\u00e9gion. Pour moi&#8230;<\/p>\n","protected":false},"author":18,"featured_media":0,"comment_status":"closed","ping_status":"open","sticky":false,"template":"","format":"standard","meta":{"footnotes":""},"categories":[1262],"tags":[1855],"wps_subtitle":"","_links":{"self":[{"href":"https:\/\/auteurs.harmattan.fr\/guy-dhoquois\/wp-json\/wp\/v2\/posts\/5839"}],"collection":[{"href":"https:\/\/auteurs.harmattan.fr\/guy-dhoquois\/wp-json\/wp\/v2\/posts"}],"about":[{"href":"https:\/\/auteurs.harmattan.fr\/guy-dhoquois\/wp-json\/wp\/v2\/types\/post"}],"author":[{"embeddable":true,"href":"https:\/\/auteurs.harmattan.fr\/guy-dhoquois\/wp-json\/wp\/v2\/users\/18"}],"replies":[{"embeddable":true,"href":"https:\/\/auteurs.harmattan.fr\/guy-dhoquois\/wp-json\/wp\/v2\/comments?post=5839"}],"version-history":[{"count":5,"href":"https:\/\/auteurs.harmattan.fr\/guy-dhoquois\/wp-json\/wp\/v2\/posts\/5839\/revisions"}],"predecessor-version":[{"id":5841,"href":"https:\/\/auteurs.harmattan.fr\/guy-dhoquois\/wp-json\/wp\/v2\/posts\/5839\/revisions\/5841"}],"wp:attachment":[{"href":"https:\/\/auteurs.harmattan.fr\/guy-dhoquois\/wp-json\/wp\/v2\/media?parent=5839"}],"wp:term":[{"taxonomy":"category","embeddable":true,"href":"https:\/\/auteurs.harmattan.fr\/guy-dhoquois\/wp-json\/wp\/v2\/categories?post=5839"},{"taxonomy":"post_tag","embeddable":true,"href":"https:\/\/auteurs.harmattan.fr\/guy-dhoquois\/wp-json\/wp\/v2\/tags?post=5839"}],"curies":[{"name":"wp","href":"https:\/\/api.w.org\/{rel}","templated":true}]}}