{"id":592,"date":"2013-04-28T13:22:58","date_gmt":"2013-04-28T13:22:58","guid":{"rendered":"http:\/\/auteurs.harmattan.fr\/guy-dhoquois\/?p=592"},"modified":"2013-09-14T15:21:43","modified_gmt":"2013-09-14T15:21:43","slug":"zapping","status":"publish","type":"post","link":"https:\/\/auteurs.harmattan.fr\/guy-dhoquois\/blog\/2013\/04\/28\/zapping\/","title":{"rendered":"Zapping"},"content":{"rendered":"<p>Je suis un zappeur n\u00e9, pas un zappeur fou. Je suis n\u00e9 pour l&rsquo;image, beaucoup plus que pour le son. La t\u00e9l\u00e9vision est pour moi un r\u00eave, pas un cauchemar. Mon premier grand souvenir de t\u00e9l\u00e9 est la victoire de Fausto Coppi, le \u00ab\u00a0campionissimo\u00a0\u00bb, \u00e0 l&rsquo;Alpe d&rsquo;Huez, pendant le tour de France 1952. Je l&rsquo;ai regard\u00e9 debout dans la rue devant la vitrine d&rsquo;un magasin de t\u00e9l\u00e9vision. Je ne savais pas alors que ce reportage \u00e9tait le premier du genre, marquant ainsi l&rsquo;histoire de la t\u00e9l\u00e9vision.<br \/>\nJ&rsquo;ai offert \u00e0 ma m\u00e8re son premier poste en 1958 alors que je d\u00e9butais dans l&rsquo;enseignement. En 1961, jeune mari\u00e9, j&rsquo;ai abandonn\u00e9 la t\u00e9l\u00e9. En 1969 j&rsquo;ai donn\u00e9 notre premier appareil, de plus en couleurs, \u00e0 ma femme enceinte. Notre premi\u00e8re image commune a \u00e9t\u00e9 un tigre film\u00e9 de pr\u00e8s, de face, sur le museau duquel se promenait une mouche. Depuis je n&rsquo;ai plus abandonn\u00e9 les \u00ab\u00a0\u00e9tranges lucarnes\u00a0\u00bb. <\/p>\n<p>Hier soir, samedi 27 avril 2013, nous avons regard\u00e9 un excellent t\u00e9l\u00e9film fran\u00e7ais, ce qui est trop rare, \u00ab\u00a0Isabelle disparue\u00a0\u00bb, de Bernard Stora, avec la grande Line Renaud et le sous-estim\u00e9 Bernard Lecoq. Ce matin du dimanche 28 avril,  j&rsquo;ai pr\u00e9f\u00e9r\u00e9 ne pas revoir \u00ab\u00a0Le Pr\u00e9nom\u00a0\u00bb, film que j&rsquo;aime beaucoup, j&rsquo;ai rev\u00e9cu la bataille d&rsquo;Austerlitz. Bien entendu nous n&rsquo;avons pas rat\u00e9 notre rendez-vous dominical avec \u00ab\u00a0Trente millions d&rsquo;amis\u00a0\u00bb, l&rsquo;\u00e9mission protectrice des animaux.<br \/>\nPendant que je vous \u00e9cris, vers quinze heures, j&rsquo;aper\u00e7ois un film documentaire de Raymond Depardon, \u00ab\u00a0Profils paysans\u00a0\u00bb. A partir de seize heures, je regarderai la demi-finale de la coupe d&rsquo;Europe de rugby, sport que je ne connais que gr\u00e2ce au petit \u00e9cran. Nous n&rsquo;avons pas encore choisi notre spectacle de ce soir. <\/p>\n<p>Ce que j&rsquo;aime particuli\u00e8rement, c&rsquo;est le zapping \u00e0 l&rsquo;aveugle. Ma meilleure surprise dans cet exercice, chef d&rsquo;oeuvre d&rsquo;\u00e9clectisme, a \u00e9t\u00e9 de d\u00e9couvrir soudain, presque en direct, le cr\u00e9ateur de Tintin, Herg\u00e9, souriant, bavardant avec son ami Chang.  Jusqu&rsquo;alors pour moi Chang n&rsquo;\u00e9tait qu&rsquo;un personnage de bande dessin\u00e9e.<\/p>\n<p>Je ne pense pas perdre mon temps quand je regarde la t\u00e9l\u00e9vision. Un bon film reste un bon film m\u00eame quand il passe \u00e0 la t\u00e9l\u00e9. Et encore je ne vous ai pas tout dit, par exemple  mon amour des clips, nouvelle discipline artistique que je suis depuis sa cr\u00e9ation au d\u00e9but des ann\u00e9es 80,  ou celui des informations. Honni soit qui mal y pense !<\/p>\n","protected":false},"excerpt":{"rendered":"<p>Je suis un zappeur n\u00e9, pas un zappeur fou. Je suis n\u00e9 pour l&rsquo;image, beaucoup plus que pour le son. La t\u00e9l\u00e9vision est pour moi un r\u00eave, pas un cauchemar. Mon premier grand souvenir de t\u00e9l\u00e9 est la victoire de Fausto Coppi, le \u00ab\u00a0campionissimo\u00a0\u00bb, \u00e0 l&rsquo;Alpe d&rsquo;Huez, pendant le tour de France 1952. Je l&rsquo;ai&#8230;<\/p>\n","protected":false},"author":18,"featured_media":0,"comment_status":"closed","ping_status":"open","sticky":false,"template":"","format":"standard","meta":{"footnotes":""},"categories":[1],"tags":[662],"wps_subtitle":"","_links":{"self":[{"href":"https:\/\/auteurs.harmattan.fr\/guy-dhoquois\/wp-json\/wp\/v2\/posts\/592"}],"collection":[{"href":"https:\/\/auteurs.harmattan.fr\/guy-dhoquois\/wp-json\/wp\/v2\/posts"}],"about":[{"href":"https:\/\/auteurs.harmattan.fr\/guy-dhoquois\/wp-json\/wp\/v2\/types\/post"}],"author":[{"embeddable":true,"href":"https:\/\/auteurs.harmattan.fr\/guy-dhoquois\/wp-json\/wp\/v2\/users\/18"}],"replies":[{"embeddable":true,"href":"https:\/\/auteurs.harmattan.fr\/guy-dhoquois\/wp-json\/wp\/v2\/comments?post=592"}],"version-history":[{"count":10,"href":"https:\/\/auteurs.harmattan.fr\/guy-dhoquois\/wp-json\/wp\/v2\/posts\/592\/revisions"}],"predecessor-version":[{"id":594,"href":"https:\/\/auteurs.harmattan.fr\/guy-dhoquois\/wp-json\/wp\/v2\/posts\/592\/revisions\/594"}],"wp:attachment":[{"href":"https:\/\/auteurs.harmattan.fr\/guy-dhoquois\/wp-json\/wp\/v2\/media?parent=592"}],"wp:term":[{"taxonomy":"category","embeddable":true,"href":"https:\/\/auteurs.harmattan.fr\/guy-dhoquois\/wp-json\/wp\/v2\/categories?post=592"},{"taxonomy":"post_tag","embeddable":true,"href":"https:\/\/auteurs.harmattan.fr\/guy-dhoquois\/wp-json\/wp\/v2\/tags?post=592"}],"curies":[{"name":"wp","href":"https:\/\/api.w.org\/{rel}","templated":true}]}}