{"id":713,"date":"2013-05-17T14:22:20","date_gmt":"2013-05-17T14:22:20","guid":{"rendered":"http:\/\/auteurs.harmattan.fr\/guy-dhoquois\/?p=713"},"modified":"2013-06-09T05:39:43","modified_gmt":"2013-06-09T05:39:43","slug":"le-mal","status":"publish","type":"post","link":"https:\/\/auteurs.harmattan.fr\/guy-dhoquois\/blog\/2013\/05\/17\/le-mal\/","title":{"rendered":"Le Mal"},"content":{"rendered":"<p>Laiss\u00e9e \u00e0 elle-m\u00eame, la libert\u00e9 humaine va vers le Bien. Je prends ici le contrepied exact de Saint Augustin.<br \/>\nComment se fait-il que partout les humains aillent vers le Mal, au moins partiellement et parfois radicalement ? Le Mal vient de l&rsquo;ext\u00e9rieur.<br \/>\nMalheureusement les humains l&rsquo;int\u00e9riorisent, en font une part de leur personnalit\u00e9, parfois avec fiert\u00e9. C&rsquo;est le principal de leurs syndromes.<br \/>\nLe syndrome du Mal est d&rsquo;abord un traumatisme. D\u00e8s la petite enfance, il provient de nos terreurs, de nos angoisses, de nos d\u00e9sillusions, de nos \u00e9checs trop r\u00e9els.<br \/>\nNotre amour-propre se barricade contre ses ennemis v\u00e9ritables ou suppos\u00e9s. Il persiste \u00e0 se vouloir sup\u00e9rieur. Il pense dominer le monde parce qu&rsquo;il le r\u00eave.<br \/>\nCes processus divers et r\u00e9it\u00e9r\u00e9s seraient insignifiants s&rsquo;ils ne s&rsquo;enfon\u00e7aient dans notre m\u00e9moire et d&rsquo;abord la pire de toutes, celle dont on ne se souvient pas. Je l&rsquo;appelle subconscient.<br \/>\nJe suis traumatis\u00e9 par le nombre de femmes et d&rsquo;hommes de la gauche pr\u00e9tendument id\u00e9aliste qui sont de fait du c\u00f4t\u00e9 du Mal. Ils se disent r\u00e9alistes, fins tacticiens, suffisamment habiles pour laisser sa place au Mal. En fait c&rsquo;est lui qui prend leur place.<br \/>\nIl est vrai que le Bien prend bien des aspects contradictoires, souvent difficiles \u00e0 d\u00e9m\u00e8ler. La Tol\u00e9rance est n\u00e9cessaire au Bien chez les humains.<br \/>\nL&rsquo;imagination humaine est la meilleure et la pire des choses.<br \/>\nQue reste-t-il de la libert\u00e9 concr\u00e8te, la seule qui vaille, au milieu de multiples traverses ? Cette Libert\u00e9 trop humaine va parfois vers le Bien, parfois vers le Mal.<br \/>\nTout est complexe et contradictoire.<br \/>\nN.B. : On aura remarqu\u00e9 que je ne parle dans ce court article ni de la B\u00eatise, ni de la Vanit\u00e9, sinon de fa\u00e7on implicite.<\/p>\n","protected":false},"excerpt":{"rendered":"<p>Laiss\u00e9e \u00e0 elle-m\u00eame, la libert\u00e9 humaine va vers le Bien. Je prends ici le contrepied exact de Saint Augustin. Comment se fait-il que partout les humains aillent vers le Mal, au moins partiellement et parfois radicalement ? Le Mal vient de l&rsquo;ext\u00e9rieur. Malheureusement les humains l&rsquo;int\u00e9riorisent, en font une part de leur personnalit\u00e9, parfois avec&#8230;<\/p>\n","protected":false},"author":18,"featured_media":0,"comment_status":"closed","ping_status":"open","sticky":false,"template":"","format":"standard","meta":{"footnotes":""},"categories":[1262],"tags":[683,682],"wps_subtitle":"","_links":{"self":[{"href":"https:\/\/auteurs.harmattan.fr\/guy-dhoquois\/wp-json\/wp\/v2\/posts\/713"}],"collection":[{"href":"https:\/\/auteurs.harmattan.fr\/guy-dhoquois\/wp-json\/wp\/v2\/posts"}],"about":[{"href":"https:\/\/auteurs.harmattan.fr\/guy-dhoquois\/wp-json\/wp\/v2\/types\/post"}],"author":[{"embeddable":true,"href":"https:\/\/auteurs.harmattan.fr\/guy-dhoquois\/wp-json\/wp\/v2\/users\/18"}],"replies":[{"embeddable":true,"href":"https:\/\/auteurs.harmattan.fr\/guy-dhoquois\/wp-json\/wp\/v2\/comments?post=713"}],"version-history":[{"count":21,"href":"https:\/\/auteurs.harmattan.fr\/guy-dhoquois\/wp-json\/wp\/v2\/posts\/713\/revisions"}],"predecessor-version":[{"id":1131,"href":"https:\/\/auteurs.harmattan.fr\/guy-dhoquois\/wp-json\/wp\/v2\/posts\/713\/revisions\/1131"}],"wp:attachment":[{"href":"https:\/\/auteurs.harmattan.fr\/guy-dhoquois\/wp-json\/wp\/v2\/media?parent=713"}],"wp:term":[{"taxonomy":"category","embeddable":true,"href":"https:\/\/auteurs.harmattan.fr\/guy-dhoquois\/wp-json\/wp\/v2\/categories?post=713"},{"taxonomy":"post_tag","embeddable":true,"href":"https:\/\/auteurs.harmattan.fr\/guy-dhoquois\/wp-json\/wp\/v2\/tags?post=713"}],"curies":[{"name":"wp","href":"https:\/\/api.w.org\/{rel}","templated":true}]}}