{"id":7321,"date":"2015-02-10T11:13:50","date_gmt":"2015-02-10T11:13:50","guid":{"rendered":"http:\/\/auteurs.harmattan.fr\/guy-dhoquois\/?p=7321"},"modified":"2015-02-11T14:33:02","modified_gmt":"2015-02-11T14:33:02","slug":"le-chemin-dans-la-montagne","status":"publish","type":"post","link":"https:\/\/auteurs.harmattan.fr\/guy-dhoquois\/blog\/2015\/02\/10\/le-chemin-dans-la-montagne\/","title":{"rendered":"Le chemin dans la montagne"},"content":{"rendered":"<p>Je suis rest\u00e9 fid\u00e8le \u00e0 moi-m\u00eame. Je poursuis mon chemin dans une montagne parfois escarp\u00e9e. Je ne suis pas un sage retir\u00e9  \u00e0 la chinoise m\u00eame si ce mod\u00e8le m&rsquo;inspire. Je suis le vieux de la montagne. Je suis devenu vieux tr\u00e8s t\u00f4t quand on y pense. Il y a beaucoup de vieillards dans mon genre. Par d\u00e9finition nous ne nous rencontrons pas. Le risque est que chacun de nous se prenne pour le vieux de la montagne, le seul, l&rsquo;unique&#8230;<br \/>\nAu cours de mes promenades il m&rsquo;arrive de regarder vers la vall\u00e9e. J&rsquo;y vois surtout une autoroute, remplie de v\u00e9hicules automobiles qui foncent vers on ne sait quel but. Je les envie parfois. Ils ont l&rsquo;air de savoir o\u00f9 ils vont. Ils font pleinement partie du monde moderne.<br \/>\nJe suis le vieux de la montagne. Cette image d\u00e9finit un projet, un projet de vie intellectuelle au sens le plus fort du terme. Mais je suis aussi un petit vieux, retrait\u00e9 de l&rsquo;enseignement, un \u00e9poux et un p\u00e8re, un ami et un copain.  C&rsquo;est peut-\u00eatre l\u00e0 que r\u00e9side ma v\u00e9ritable identit\u00e9 sans solitude et surtout sans isolement. Le vieux de la montagne est seul au secret de son monde, mais il ne s&rsquo;isole pas de ses camarades en soci\u00e9t\u00e9.<\/p>\n","protected":false},"excerpt":{"rendered":"<p>Je suis rest\u00e9 fid\u00e8le \u00e0 moi-m\u00eame. Je poursuis mon chemin dans une montagne parfois escarp\u00e9e. Je ne suis pas un sage retir\u00e9 \u00e0 la chinoise m\u00eame si ce mod\u00e8le m&rsquo;inspire. Je suis le vieux de la montagne. Je suis devenu vieux tr\u00e8s t\u00f4t quand on y pense. Il y a beaucoup de vieillards dans mon&#8230;<\/p>\n","protected":false},"author":18,"featured_media":0,"comment_status":"closed","ping_status":"open","sticky":false,"template":"","format":"standard","meta":{"footnotes":""},"categories":[1],"tags":[2218],"wps_subtitle":"","_links":{"self":[{"href":"https:\/\/auteurs.harmattan.fr\/guy-dhoquois\/wp-json\/wp\/v2\/posts\/7321"}],"collection":[{"href":"https:\/\/auteurs.harmattan.fr\/guy-dhoquois\/wp-json\/wp\/v2\/posts"}],"about":[{"href":"https:\/\/auteurs.harmattan.fr\/guy-dhoquois\/wp-json\/wp\/v2\/types\/post"}],"author":[{"embeddable":true,"href":"https:\/\/auteurs.harmattan.fr\/guy-dhoquois\/wp-json\/wp\/v2\/users\/18"}],"replies":[{"embeddable":true,"href":"https:\/\/auteurs.harmattan.fr\/guy-dhoquois\/wp-json\/wp\/v2\/comments?post=7321"}],"version-history":[{"count":8,"href":"https:\/\/auteurs.harmattan.fr\/guy-dhoquois\/wp-json\/wp\/v2\/posts\/7321\/revisions"}],"predecessor-version":[{"id":7335,"href":"https:\/\/auteurs.harmattan.fr\/guy-dhoquois\/wp-json\/wp\/v2\/posts\/7321\/revisions\/7335"}],"wp:attachment":[{"href":"https:\/\/auteurs.harmattan.fr\/guy-dhoquois\/wp-json\/wp\/v2\/media?parent=7321"}],"wp:term":[{"taxonomy":"category","embeddable":true,"href":"https:\/\/auteurs.harmattan.fr\/guy-dhoquois\/wp-json\/wp\/v2\/categories?post=7321"},{"taxonomy":"post_tag","embeddable":true,"href":"https:\/\/auteurs.harmattan.fr\/guy-dhoquois\/wp-json\/wp\/v2\/tags?post=7321"}],"curies":[{"name":"wp","href":"https:\/\/api.w.org\/{rel}","templated":true}]}}