{"id":8668,"date":"2015-04-09T08:28:33","date_gmt":"2015-04-09T08:28:33","guid":{"rendered":"http:\/\/auteurs.harmattan.fr\/guy-dhoquois\/?p=8668"},"modified":"2015-04-09T09:15:16","modified_gmt":"2015-04-09T09:15:16","slug":"fil-tenu-3","status":"publish","type":"post","link":"https:\/\/auteurs.harmattan.fr\/guy-dhoquois\/blog\/2015\/04\/09\/fil-tenu-3\/","title":{"rendered":"Fil t\u00e9nu ( 3 )"},"content":{"rendered":"<p>Le th\u00e8me du \u00ab\u00a0fil t\u00e9nu\u00a0\u00bb ( Voir le 7\/4 ) se r\u00e9v\u00e8le peut-\u00eatre plus riche, mais surtout plus compliqu\u00e9 que pr\u00e9vu. Plus compliqu\u00e9 ne signifie pas n\u00e9cessairement plus complexe. Mais y aboutit.<br \/>\nPour R\u00e9gine le th\u00e8me du \u00ab\u00a0fil t\u00e9nu\u00a0\u00bb signifie pr\u00e9cis\u00e9ment le rapport entre les monstruosit\u00e9s quotidiennes, particuli\u00e8rement les impolitesses, et les horreurs de l&rsquo;histoire collective, du genre guerres et surtout massacres.<br \/>\nPour moi le probl\u00e8me du \u00ab\u00a0fil t\u00e9nu\u00a0\u00bb d\u00e9signe le rapport entre le d\u00e9tail et l&rsquo;ensemble, entre le concret et l&rsquo;abstrait, entre le singulier et le g\u00e9n\u00e9ral par l&rsquo;interm\u00e9diaire du particulier&#8230;<br \/>\nAu moment o\u00f9 on croyait bien se comprendre, on se m\u00e9prenait&#8230;<\/p>\n","protected":false},"excerpt":{"rendered":"<p>Le th\u00e8me du \u00ab\u00a0fil t\u00e9nu\u00a0\u00bb ( Voir le 7\/4 ) se r\u00e9v\u00e8le peut-\u00eatre plus riche, mais surtout plus compliqu\u00e9 que pr\u00e9vu. Plus compliqu\u00e9 ne signifie pas n\u00e9cessairement plus complexe. Mais y aboutit. Pour R\u00e9gine le th\u00e8me du \u00ab\u00a0fil t\u00e9nu\u00a0\u00bb signifie pr\u00e9cis\u00e9ment le rapport entre les monstruosit\u00e9s quotidiennes, particuli\u00e8rement les impolitesses, et les horreurs de l&rsquo;histoire&#8230;<\/p>\n","protected":false},"author":18,"featured_media":0,"comment_status":"closed","ping_status":"open","sticky":false,"template":"","format":"standard","meta":{"footnotes":""},"categories":[1,1262],"tags":[2518],"wps_subtitle":"","_links":{"self":[{"href":"https:\/\/auteurs.harmattan.fr\/guy-dhoquois\/wp-json\/wp\/v2\/posts\/8668"}],"collection":[{"href":"https:\/\/auteurs.harmattan.fr\/guy-dhoquois\/wp-json\/wp\/v2\/posts"}],"about":[{"href":"https:\/\/auteurs.harmattan.fr\/guy-dhoquois\/wp-json\/wp\/v2\/types\/post"}],"author":[{"embeddable":true,"href":"https:\/\/auteurs.harmattan.fr\/guy-dhoquois\/wp-json\/wp\/v2\/users\/18"}],"replies":[{"embeddable":true,"href":"https:\/\/auteurs.harmattan.fr\/guy-dhoquois\/wp-json\/wp\/v2\/comments?post=8668"}],"version-history":[{"count":3,"href":"https:\/\/auteurs.harmattan.fr\/guy-dhoquois\/wp-json\/wp\/v2\/posts\/8668\/revisions"}],"predecessor-version":[{"id":8670,"href":"https:\/\/auteurs.harmattan.fr\/guy-dhoquois\/wp-json\/wp\/v2\/posts\/8668\/revisions\/8670"}],"wp:attachment":[{"href":"https:\/\/auteurs.harmattan.fr\/guy-dhoquois\/wp-json\/wp\/v2\/media?parent=8668"}],"wp:term":[{"taxonomy":"category","embeddable":true,"href":"https:\/\/auteurs.harmattan.fr\/guy-dhoquois\/wp-json\/wp\/v2\/categories?post=8668"},{"taxonomy":"post_tag","embeddable":true,"href":"https:\/\/auteurs.harmattan.fr\/guy-dhoquois\/wp-json\/wp\/v2\/tags?post=8668"}],"curies":[{"name":"wp","href":"https:\/\/api.w.org\/{rel}","templated":true}]}}