{"id":9956,"date":"2015-05-21T10:23:25","date_gmt":"2015-05-21T10:23:25","guid":{"rendered":"http:\/\/auteurs.harmattan.fr\/guy-dhoquois\/?p=9956"},"modified":"2015-05-31T08:49:00","modified_gmt":"2015-05-31T08:49:00","slug":"le-fabuliste-meconnu-148-et-dernier","status":"publish","type":"post","link":"https:\/\/auteurs.harmattan.fr\/guy-dhoquois\/blog\/2015\/05\/21\/le-fabuliste-meconnu-148-et-dernier\/","title":{"rendered":"Le fabuliste m\u00e9connu ( 148 et dernier )"},"content":{"rendered":"<p>Un sansonnet plus averti plus avis\u00e9 que d&rsquo;autres<br \/>\nSignalait \u00e0 sa peuplade ail\u00e9e<br \/>\nLe vol silencieux d&rsquo;un \u00e9pervier<br \/>\nIl lui \u00e9tait r\u00e9pondu : \u00a0\u00bb Il est trop loin<br \/>\nIl est inoffensif\u00a0\u00bb<br \/>\nL&rsquo;\u00e9pervier fit une petite cur\u00e9e<br \/>\nNotre ami veng\u00e9 du d\u00e9dain<br \/>\nPartit sans prendre cong\u00e9<br \/>\nIl se plaignit seul du sort<br \/>\nDes proph\u00e8tes de malheur<br \/>\nIl rencontra un vol d&rsquo;alouettes<br \/>\nLa joyeuse tribu l&rsquo;accueillit avec plaisir<br \/>\nLes regards furent \u00e9blouis<br \/>\nPar un miroir tournoyant<br \/>\nLe sansonnet s&rsquo;\u00e9cria :<br \/>\n\u00ab\u00a0N&rsquo;allez pas par l\u00e0 !<br \/>\nVous allez tomber dans un filet\u00a0\u00bb<br \/>\n\u00ab\u00a0Un miroir un pi\u00e8ge ? Allons-donc !\u00a0\u00bb<br \/>\nUne moiti\u00e9 resta aux mains de l&rsquo;oiseleur<br \/>\nLe sansonnet bl\u00e2ma la sottise l&rsquo;incr\u00e9dulit\u00e9<br \/>\nDes \u00e9tourdis qui ne croient aux temp\u00eates<br \/>\nQue lorsque la foudre est tomb\u00e9e sur leur t\u00eate<br \/>\nIl croise des perdrix il les suit perplexe<br \/>\nLa petite troupe arrive dans un champ de bl\u00e9<br \/>\nL&rsquo;oiseleur y a cach\u00e9 des collets<br \/>\nLe sansonnet s&rsquo;en aper\u00e7oit \u00e0 temps<br \/>\nComme c&rsquo;est l&rsquo;usage il n&rsquo;est pas \u00e9cout\u00e9<br \/>\nNotre proph\u00e8te sent fl\u00e9chir son courage<br \/>\nIl croit m\u00eame perdre la raison<br \/>\nIl ne sait plus quoi faire<br \/>\nEt vous que feriez-vous<br \/>\nSi vous \u00e9tiez \u00e0 la place du sansonnet ?<\/p>\n","protected":false},"excerpt":{"rendered":"<p>Un sansonnet plus averti plus avis\u00e9 que d&rsquo;autres Signalait \u00e0 sa peuplade ail\u00e9e Le vol silencieux d&rsquo;un \u00e9pervier Il lui \u00e9tait r\u00e9pondu : \u00a0\u00bb Il est trop loin Il est inoffensif\u00a0\u00bb L&rsquo;\u00e9pervier fit une petite cur\u00e9e Notre ami veng\u00e9 du d\u00e9dain Partit sans prendre cong\u00e9 Il se plaignit seul du sort Des proph\u00e8tes de malheur&#8230;<\/p>\n","protected":false},"author":18,"featured_media":0,"comment_status":"closed","ping_status":"open","sticky":false,"template":"","format":"standard","meta":{"footnotes":""},"categories":[168],"tags":[2792],"wps_subtitle":"","_links":{"self":[{"href":"https:\/\/auteurs.harmattan.fr\/guy-dhoquois\/wp-json\/wp\/v2\/posts\/9956"}],"collection":[{"href":"https:\/\/auteurs.harmattan.fr\/guy-dhoquois\/wp-json\/wp\/v2\/posts"}],"about":[{"href":"https:\/\/auteurs.harmattan.fr\/guy-dhoquois\/wp-json\/wp\/v2\/types\/post"}],"author":[{"embeddable":true,"href":"https:\/\/auteurs.harmattan.fr\/guy-dhoquois\/wp-json\/wp\/v2\/users\/18"}],"replies":[{"embeddable":true,"href":"https:\/\/auteurs.harmattan.fr\/guy-dhoquois\/wp-json\/wp\/v2\/comments?post=9956"}],"version-history":[{"count":21,"href":"https:\/\/auteurs.harmattan.fr\/guy-dhoquois\/wp-json\/wp\/v2\/posts\/9956\/revisions"}],"predecessor-version":[{"id":10347,"href":"https:\/\/auteurs.harmattan.fr\/guy-dhoquois\/wp-json\/wp\/v2\/posts\/9956\/revisions\/10347"}],"wp:attachment":[{"href":"https:\/\/auteurs.harmattan.fr\/guy-dhoquois\/wp-json\/wp\/v2\/media?parent=9956"}],"wp:term":[{"taxonomy":"category","embeddable":true,"href":"https:\/\/auteurs.harmattan.fr\/guy-dhoquois\/wp-json\/wp\/v2\/categories?post=9956"},{"taxonomy":"post_tag","embeddable":true,"href":"https:\/\/auteurs.harmattan.fr\/guy-dhoquois\/wp-json\/wp\/v2\/tags?post=9956"}],"curies":[{"name":"wp","href":"https:\/\/api.w.org\/{rel}","templated":true}]}}